{"id":2473,"date":"2025-01-29T12:07:57","date_gmt":"2025-01-29T11:07:57","guid":{"rendered":"https:\/\/www.animalsmoia.vet\/la-processionaria-del-pi\/"},"modified":"2025-04-14T12:15:11","modified_gmt":"2025-04-14T10:15:11","slug":"la-procesionaria-del-pino","status":"publish","type":"post","link":"https:\/\/www.animalsmoia.vet\/es\/la-procesionaria-del-pino\/","title":{"rendered":"La procesionaria del pino"},"content":{"rendered":"<p><img decoding=\"async\" class=\"alignright wp-image-2470\" src=\"https:\/\/www.animalsmoia.vet\/wp-content\/uploads\/2025\/04\/Processionaria-del-pi-300x296.jpg\" alt=\"\" width=\"300\" height=\"296\" srcset=\"https:\/\/www.animalsmoia.vet\/wp-content\/uploads\/2025\/04\/Processionaria-del-pi-300x296.jpg 300w, https:\/\/www.animalsmoia.vet\/wp-content\/uploads\/2025\/04\/Processionaria-del-pi-768x757.jpg 768w, https:\/\/www.animalsmoia.vet\/wp-content\/uploads\/2025\/04\/Processionaria-del-pi.jpg 876w\" sizes=\"(max-width: 300px) 100vw, 300px\" \/>\u00a1Este a\u00f1o ya tenemos aqu\u00ed en la famosa oruga procesionaria!<\/p>\n<p>Ha llegado la \u00e9poca menos esperada por todos, y este a\u00f1o m\u00e1s temprano<\/p>\n<p>La procesionaria del pino es una oruga que vive en los bosques pinosos de la zona mediterr\u00e1nea y cuyos pelos liberan toxinas peligrosas. Nuestro peludo, al entrar en contacto con ellas, ya sea para chuparlas, cogerlas con la boca o un simple contacto, podr\u00eda experimentar una reacci\u00f3n al\u00e9rgica grave.<br \/>\nSi crees que puede haber estado en contacto con una de ellas es importante actuar lo m\u00e1s r\u00e1pido posible.<br \/>\n\u00bfY qu\u00e9 podemos hacer si nos encontramos en esta situaci\u00f3n?<\/p>\n<ol>\n<li>Pasar agua tibia por la boca del animal (echarla a chorro) lo m\u00e1s r\u00e1pido posible pero NUNCA sin frotar ya que podr\u00edamos hacer que los pelos liberen m\u00e1s toxinas.<\/li>\n<li>Ir a la cl\u00ednica\/hospital veterinario m\u00e1s cercano para comprobar el estado del animal.<\/li>\n<\/ol>\n<p>\u00bfQu\u00e9 s\u00edntomas podemos ver?<br \/>\n&#8211; Salivaci\u00f3n excesiva.<br \/>\n&#8211; Dificultad para deglutir.<br \/>\n&#8211; Inflamaci\u00f3n de boca, lengua y facial.<br \/>\n&#8211; Irritaci\u00f3n de la piel de alrededor.<br \/>\n&#8211; Dificultad por respirar.<br \/>\n&#8211; V\u00f3mitos.<br \/>\n&#8211; Apat\u00eda.<\/p>\n<p>Ir al veterinario lo m\u00e1s r\u00e1pido posible permite proporcionar el tratamiento adecuado y reducir posibles efectos secundarios.<\/p>\n<p>Durante estos meses es importante evitar sitios donde haya grandes cantidades de pinos y estar atentos de nuestras mascotas ante una posible exposici\u00f3n a ellas.<\/p>\n<p>Por cualquier duda, aqu\u00ed estamos para ayudarle.<\/p>\n","protected":false},"excerpt":{"rendered":"<p>\u00a1Este a\u00f1o ya tenemos aqu\u00ed en la famosa oruga procesionaria! Ha llegado la \u00e9poca menos esperada por todos, y este a\u00f1o m\u00e1s temprano La procesionaria del pino es una oruga que vive en los bosques pinosos de la zona mediterr\u00e1nea y cuyos pelos liberan toxinas peligrosas. Nuestro peludo, al entrar en contacto con ellas, ya&hellip;<\/p>\n","protected":false},"author":1,"featured_media":2471,"comment_status":"closed","ping_status":"closed","sticky":false,"template":"","format":"standard","meta":{"footnotes":""},"categories":[16],"tags":[],"class_list":["post-2473","post","type-post","status-publish","format-standard","has-post-thumbnail","hentry","category-noticies-es","category-16","description-off"],"yoast_head":"<!-- This site is optimized with the Yoast SEO plugin v27.5 - https:\/\/yoast.com\/product\/yoast-seo-wordpress\/ -->\n<title>La procesionaria del pino - Anima&#039;ls - Cl\u00ednica veterin\u00e0ria<\/title>\n<meta name=\"robots\" content=\"index, follow, max-snippet:-1, max-image-preview:large, max-video-preview:-1\" \/>\n<link rel=\"canonical\" href=\"https:\/\/www.animalsmoia.vet\/es\/la-procesionaria-del-pino\/\" \/>\n<meta property=\"og:locale\" content=\"es_ES\" \/>\n<meta property=\"og:type\" content=\"article\" \/>\n<meta property=\"og:title\" content=\"La procesionaria del pino - Anima&#039;ls - Cl\u00ednica veterin\u00e0ria\" \/>\n<meta property=\"og:description\" content=\"\u00a1Este a\u00f1o ya tenemos aqu\u00ed en la famosa oruga procesionaria! Ha llegado la \u00e9poca menos esperada por todos, y este a\u00f1o m\u00e1s temprano La procesionaria del pino es una oruga que vive en los bosques pinosos de la zona mediterr\u00e1nea y cuyos pelos liberan toxinas peligrosas. Nuestro peludo, al entrar en contacto con ellas, ya&hellip;\" \/>\n<meta property=\"og:url\" content=\"https:\/\/www.animalsmoia.vet\/es\/la-procesionaria-del-pino\/\" \/>\n<meta property=\"og:site_name\" content=\"Anima&#039;ls - Cl\u00ednica veterin\u00e0ria\" \/>\n<meta property=\"article:published_time\" content=\"2025-01-29T11:07:57+00:00\" \/>\n<meta property=\"article:modified_time\" content=\"2025-04-14T10:15:11+00:00\" \/>\n<meta property=\"og:image\" content=\"https:\/\/www.animalsmoia.vet\/wp-content\/uploads\/2025\/04\/Processionaria-del-pi.jpg\" \/>\n\t<meta property=\"og:image:width\" content=\"876\" \/>\n\t<meta property=\"og:image:height\" content=\"864\" \/>\n\t<meta property=\"og:image:type\" content=\"image\/jpeg\" \/>\n<meta name=\"author\" content=\"Anima&#039;ls Cl\u00ednica Veterin\u00e0ria\" \/>\n<meta name=\"twitter:card\" content=\"summary_large_image\" \/>\n<meta name=\"twitter:label1\" content=\"Escrito por\" \/>\n\t<meta name=\"twitter:data1\" content=\"Anima&#039;ls Cl\u00ednica Veterin\u00e0ria\" \/>\n\t<meta name=\"twitter:label2\" content=\"Tiempo de lectura\" \/>\n\t<meta name=\"twitter:data2\" content=\"2 minutos\" \/>\n<script type=\"application\/ld+json\" class=\"yoast-schema-graph\">{\"@context\":\"https:\\\/\\\/schema.org\",\"@graph\":[{\"@type\":\"Article\",\"@id\":\"https:\\\/\\\/www.animalsmoia.vet\\\/es\\\/la-procesionaria-del-pino\\\/#article\",\"isPartOf\":{\"@id\":\"https:\\\/\\\/www.animalsmoia.vet\\\/es\\\/la-procesionaria-del-pino\\\/\"},\"author\":{\"name\":\"Anima'ls Cl\u00ednica Veterin\u00e0ria\",\"@id\":\"https:\\\/\\\/www.animalsmoia.vet\\\/#\\\/schema\\\/person\\\/03ecf7e84630a390661888134c189e56\"},\"headline\":\"La procesionaria del pino\",\"datePublished\":\"2025-01-29T11:07:57+00:00\",\"dateModified\":\"2025-04-14T10:15:11+00:00\",\"mainEntityOfPage\":{\"@id\":\"https:\\\/\\\/www.animalsmoia.vet\\\/es\\\/la-procesionaria-del-pino\\\/\"},\"wordCount\":255,\"image\":{\"@id\":\"https:\\\/\\\/www.animalsmoia.vet\\\/es\\\/la-procesionaria-del-pino\\\/#primaryimage\"},\"thumbnailUrl\":\"https:\\\/\\\/www.animalsmoia.vet\\\/wp-content\\\/uploads\\\/2025\\\/04\\\/Processionaria-del-pi.jpg\",\"articleSection\":[\"Noticias\"],\"inLanguage\":\"es\"},{\"@type\":\"WebPage\",\"@id\":\"https:\\\/\\\/www.animalsmoia.vet\\\/es\\\/la-procesionaria-del-pino\\\/\",\"url\":\"https:\\\/\\\/www.animalsmoia.vet\\\/es\\\/la-procesionaria-del-pino\\\/\",\"name\":\"La procesionaria del pino - Anima&#039;ls - Cl\u00ednica veterin\u00e0ria\",\"isPartOf\":{\"@id\":\"https:\\\/\\\/www.animalsmoia.vet\\\/#website\"},\"primaryImageOfPage\":{\"@id\":\"https:\\\/\\\/www.animalsmoia.vet\\\/es\\\/la-procesionaria-del-pino\\\/#primaryimage\"},\"image\":{\"@id\":\"https:\\\/\\\/www.animalsmoia.vet\\\/es\\\/la-procesionaria-del-pino\\\/#primaryimage\"},\"thumbnailUrl\":\"https:\\\/\\\/www.animalsmoia.vet\\\/wp-content\\\/uploads\\\/2025\\\/04\\\/Processionaria-del-pi.jpg\",\"datePublished\":\"2025-01-29T11:07:57+00:00\",\"dateModified\":\"2025-04-14T10:15:11+00:00\",\"author\":{\"@id\":\"https:\\\/\\\/www.animalsmoia.vet\\\/#\\\/schema\\\/person\\\/03ecf7e84630a390661888134c189e56\"},\"breadcrumb\":{\"@id\":\"https:\\\/\\\/www.animalsmoia.vet\\\/es\\\/la-procesionaria-del-pino\\\/#breadcrumb\"},\"inLanguage\":\"es\",\"potentialAction\":[{\"@type\":\"ReadAction\",\"target\":[\"https:\\\/\\\/www.animalsmoia.vet\\\/es\\\/la-procesionaria-del-pino\\\/\"]}]},{\"@type\":\"ImageObject\",\"inLanguage\":\"es\",\"@id\":\"https:\\\/\\\/www.animalsmoia.vet\\\/es\\\/la-procesionaria-del-pino\\\/#primaryimage\",\"url\":\"https:\\\/\\\/www.animalsmoia.vet\\\/wp-content\\\/uploads\\\/2025\\\/04\\\/Processionaria-del-pi.jpg\",\"contentUrl\":\"https:\\\/\\\/www.animalsmoia.vet\\\/wp-content\\\/uploads\\\/2025\\\/04\\\/Processionaria-del-pi.jpg\",\"width\":876,\"height\":864},{\"@type\":\"BreadcrumbList\",\"@id\":\"https:\\\/\\\/www.animalsmoia.vet\\\/es\\\/la-procesionaria-del-pino\\\/#breadcrumb\",\"itemListElement\":[{\"@type\":\"ListItem\",\"position\":1,\"name\":\"Inici\",\"item\":\"https:\\\/\\\/www.animalsmoia.vet\\\/es\\\/\"},{\"@type\":\"ListItem\",\"position\":2,\"name\":\"La procesionaria del pino\"}]},{\"@type\":\"WebSite\",\"@id\":\"https:\\\/\\\/www.animalsmoia.vet\\\/#website\",\"url\":\"https:\\\/\\\/www.animalsmoia.vet\\\/\",\"name\":\"Anima&#039;ls - Cl\u00ednica veterin\u00e0ria\",\"description\":\"Cl\u00ednica veterin\u00e0ria a Moi\u00e0. Moian\u00e8s. Barcelona.\",\"potentialAction\":[{\"@type\":\"SearchAction\",\"target\":{\"@type\":\"EntryPoint\",\"urlTemplate\":\"https:\\\/\\\/www.animalsmoia.vet\\\/?s={search_term_string}\"},\"query-input\":{\"@type\":\"PropertyValueSpecification\",\"valueRequired\":true,\"valueName\":\"search_term_string\"}}],\"inLanguage\":\"es\"},{\"@type\":\"Person\",\"@id\":\"https:\\\/\\\/www.animalsmoia.vet\\\/#\\\/schema\\\/person\\\/03ecf7e84630a390661888134c189e56\",\"name\":\"Anima'ls Cl\u00ednica Veterin\u00e0ria\",\"image\":{\"@type\":\"ImageObject\",\"inLanguage\":\"es\",\"@id\":\"https:\\\/\\\/secure.gravatar.com\\\/avatar\\\/89fba0ac2d88374b0b32f35fc7185b519003fe83d0cd2596f66486391e0a1c06?s=96&d=mm&r=g\",\"url\":\"https:\\\/\\\/secure.gravatar.com\\\/avatar\\\/89fba0ac2d88374b0b32f35fc7185b519003fe83d0cd2596f66486391e0a1c06?s=96&d=mm&r=g\",\"contentUrl\":\"https:\\\/\\\/secure.gravatar.com\\\/avatar\\\/89fba0ac2d88374b0b32f35fc7185b519003fe83d0cd2596f66486391e0a1c06?s=96&d=mm&r=g\",\"caption\":\"Anima'ls Cl\u00ednica Veterin\u00e0ria\"},\"sameAs\":[\"http:\\\/\\\/www.animalsmoia.vet\"],\"url\":\"https:\\\/\\\/www.animalsmoia.vet\\\/es\\\/author\\\/cv-animals\\\/\"}]}<\/script>\n<!-- \/ Yoast SEO plugin. -->","yoast_head_json":{"title":"La procesionaria del pino - Anima&#039;ls - Cl\u00ednica veterin\u00e0ria","robots":{"index":"index","follow":"follow","max-snippet":"max-snippet:-1","max-image-preview":"max-image-preview:large","max-video-preview":"max-video-preview:-1"},"canonical":"https:\/\/www.animalsmoia.vet\/es\/la-procesionaria-del-pino\/","og_locale":"es_ES","og_type":"article","og_title":"La procesionaria del pino - Anima&#039;ls - Cl\u00ednica veterin\u00e0ria","og_description":"\u00a1Este a\u00f1o ya tenemos aqu\u00ed en la famosa oruga procesionaria! Ha llegado la \u00e9poca menos esperada por todos, y este a\u00f1o m\u00e1s temprano La procesionaria del pino es una oruga que vive en los bosques pinosos de la zona mediterr\u00e1nea y cuyos pelos liberan toxinas peligrosas. Nuestro peludo, al entrar en contacto con ellas, ya&hellip;","og_url":"https:\/\/www.animalsmoia.vet\/es\/la-procesionaria-del-pino\/","og_site_name":"Anima&#039;ls - Cl\u00ednica veterin\u00e0ria","article_published_time":"2025-01-29T11:07:57+00:00","article_modified_time":"2025-04-14T10:15:11+00:00","og_image":[{"width":876,"height":864,"url":"https:\/\/www.animalsmoia.vet\/wp-content\/uploads\/2025\/04\/Processionaria-del-pi.jpg","type":"image\/jpeg"}],"author":"Anima'ls Cl\u00ednica Veterin\u00e0ria","twitter_card":"summary_large_image","twitter_misc":{"Escrito por":"Anima'ls Cl\u00ednica Veterin\u00e0ria","Tiempo de lectura":"2 minutos"},"schema":{"@context":"https:\/\/schema.org","@graph":[{"@type":"Article","@id":"https:\/\/www.animalsmoia.vet\/es\/la-procesionaria-del-pino\/#article","isPartOf":{"@id":"https:\/\/www.animalsmoia.vet\/es\/la-procesionaria-del-pino\/"},"author":{"name":"Anima'ls Cl\u00ednica Veterin\u00e0ria","@id":"https:\/\/www.animalsmoia.vet\/#\/schema\/person\/03ecf7e84630a390661888134c189e56"},"headline":"La procesionaria del pino","datePublished":"2025-01-29T11:07:57+00:00","dateModified":"2025-04-14T10:15:11+00:00","mainEntityOfPage":{"@id":"https:\/\/www.animalsmoia.vet\/es\/la-procesionaria-del-pino\/"},"wordCount":255,"image":{"@id":"https:\/\/www.animalsmoia.vet\/es\/la-procesionaria-del-pino\/#primaryimage"},"thumbnailUrl":"https:\/\/www.animalsmoia.vet\/wp-content\/uploads\/2025\/04\/Processionaria-del-pi.jpg","articleSection":["Noticias"],"inLanguage":"es"},{"@type":"WebPage","@id":"https:\/\/www.animalsmoia.vet\/es\/la-procesionaria-del-pino\/","url":"https:\/\/www.animalsmoia.vet\/es\/la-procesionaria-del-pino\/","name":"La procesionaria del pino - Anima&#039;ls - Cl\u00ednica veterin\u00e0ria","isPartOf":{"@id":"https:\/\/www.animalsmoia.vet\/#website"},"primaryImageOfPage":{"@id":"https:\/\/www.animalsmoia.vet\/es\/la-procesionaria-del-pino\/#primaryimage"},"image":{"@id":"https:\/\/www.animalsmoia.vet\/es\/la-procesionaria-del-pino\/#primaryimage"},"thumbnailUrl":"https:\/\/www.animalsmoia.vet\/wp-content\/uploads\/2025\/04\/Processionaria-del-pi.jpg","datePublished":"2025-01-29T11:07:57+00:00","dateModified":"2025-04-14T10:15:11+00:00","author":{"@id":"https:\/\/www.animalsmoia.vet\/#\/schema\/person\/03ecf7e84630a390661888134c189e56"},"breadcrumb":{"@id":"https:\/\/www.animalsmoia.vet\/es\/la-procesionaria-del-pino\/#breadcrumb"},"inLanguage":"es","potentialAction":[{"@type":"ReadAction","target":["https:\/\/www.animalsmoia.vet\/es\/la-procesionaria-del-pino\/"]}]},{"@type":"ImageObject","inLanguage":"es","@id":"https:\/\/www.animalsmoia.vet\/es\/la-procesionaria-del-pino\/#primaryimage","url":"https:\/\/www.animalsmoia.vet\/wp-content\/uploads\/2025\/04\/Processionaria-del-pi.jpg","contentUrl":"https:\/\/www.animalsmoia.vet\/wp-content\/uploads\/2025\/04\/Processionaria-del-pi.jpg","width":876,"height":864},{"@type":"BreadcrumbList","@id":"https:\/\/www.animalsmoia.vet\/es\/la-procesionaria-del-pino\/#breadcrumb","itemListElement":[{"@type":"ListItem","position":1,"name":"Inici","item":"https:\/\/www.animalsmoia.vet\/es\/"},{"@type":"ListItem","position":2,"name":"La procesionaria del pino"}]},{"@type":"WebSite","@id":"https:\/\/www.animalsmoia.vet\/#website","url":"https:\/\/www.animalsmoia.vet\/","name":"Anima&#039;ls - Cl\u00ednica veterin\u00e0ria","description":"Cl\u00ednica veterin\u00e0ria a Moi\u00e0. Moian\u00e8s. Barcelona.","potentialAction":[{"@type":"SearchAction","target":{"@type":"EntryPoint","urlTemplate":"https:\/\/www.animalsmoia.vet\/?s={search_term_string}"},"query-input":{"@type":"PropertyValueSpecification","valueRequired":true,"valueName":"search_term_string"}}],"inLanguage":"es"},{"@type":"Person","@id":"https:\/\/www.animalsmoia.vet\/#\/schema\/person\/03ecf7e84630a390661888134c189e56","name":"Anima'ls Cl\u00ednica Veterin\u00e0ria","image":{"@type":"ImageObject","inLanguage":"es","@id":"https:\/\/secure.gravatar.com\/avatar\/89fba0ac2d88374b0b32f35fc7185b519003fe83d0cd2596f66486391e0a1c06?s=96&d=mm&r=g","url":"https:\/\/secure.gravatar.com\/avatar\/89fba0ac2d88374b0b32f35fc7185b519003fe83d0cd2596f66486391e0a1c06?s=96&d=mm&r=g","contentUrl":"https:\/\/secure.gravatar.com\/avatar\/89fba0ac2d88374b0b32f35fc7185b519003fe83d0cd2596f66486391e0a1c06?s=96&d=mm&r=g","caption":"Anima'ls Cl\u00ednica Veterin\u00e0ria"},"sameAs":["http:\/\/www.animalsmoia.vet"],"url":"https:\/\/www.animalsmoia.vet\/es\/author\/cv-animals\/"}]}},"_links":{"self":[{"href":"https:\/\/www.animalsmoia.vet\/es\/wp-json\/wp\/v2\/posts\/2473","targetHints":{"allow":["GET"]}}],"collection":[{"href":"https:\/\/www.animalsmoia.vet\/es\/wp-json\/wp\/v2\/posts"}],"about":[{"href":"https:\/\/www.animalsmoia.vet\/es\/wp-json\/wp\/v2\/types\/post"}],"author":[{"embeddable":true,"href":"https:\/\/www.animalsmoia.vet\/es\/wp-json\/wp\/v2\/users\/1"}],"replies":[{"embeddable":true,"href":"https:\/\/www.animalsmoia.vet\/es\/wp-json\/wp\/v2\/comments?post=2473"}],"version-history":[{"count":1,"href":"https:\/\/www.animalsmoia.vet\/es\/wp-json\/wp\/v2\/posts\/2473\/revisions"}],"predecessor-version":[{"id":2474,"href":"https:\/\/www.animalsmoia.vet\/es\/wp-json\/wp\/v2\/posts\/2473\/revisions\/2474"}],"wp:featuredmedia":[{"embeddable":true,"href":"https:\/\/www.animalsmoia.vet\/es\/wp-json\/wp\/v2\/media\/2471"}],"wp:attachment":[{"href":"https:\/\/www.animalsmoia.vet\/es\/wp-json\/wp\/v2\/media?parent=2473"}],"wp:term":[{"taxonomy":"category","embeddable":true,"href":"https:\/\/www.animalsmoia.vet\/es\/wp-json\/wp\/v2\/categories?post=2473"},{"taxonomy":"post_tag","embeddable":true,"href":"https:\/\/www.animalsmoia.vet\/es\/wp-json\/wp\/v2\/tags?post=2473"}],"curies":[{"name":"wp","href":"https:\/\/api.w.org\/{rel}","templated":true}]}}