{"id":2198,"date":"2021-06-18T09:55:50","date_gmt":"2021-06-18T07:55:50","guid":{"rendered":"https:\/\/www.animalsmoia.vet\/sant-joan\/"},"modified":"2021-06-20T10:02:33","modified_gmt":"2021-06-20T08:02:33","slug":"sant-joan","status":"publish","type":"post","link":"https:\/\/www.animalsmoia.vet\/es\/sant-joan\/","title":{"rendered":"San Juan"},"content":{"rendered":"<p>San Juan est\u00e1 al caer y debemos tener presente que muchos de nuestros peque\u00f1os tienen miedo o fobia a los ruidos fuertes, como los petardos.<\/p>\n<p>Recordemos, \u00bfqu\u00e9 podemos hacer ante esta reacci\u00f3n de miedo?<\/p>\n<ul>\n<li>Unos d\u00edas antes prepara una zona de seguridad donde pueda esconderse.<\/li>\n<li>C\u00e1nsalos durante el d\u00eda.<\/li>\n<li>Evita que est\u00e9 solo el d\u00eda de la verbena.<\/li>\n<li>A\u00edsla el ruido bajando persianas y ventanas. Enmascara el ruido con m\u00fasica o poniendo la televisi\u00f3n.<\/li>\n<li>Act\u00faa con normalidad: no te estreses ni te pongas de los nervios. Ellos lo notan.<\/li>\n<li>Acar\u00edcialos cuando no muestre miedo y est\u00e9 tranquilo.<\/li>\n<li>Fuera de casa ll\u00e9valo atado para evitar que se escape al sentir un petardo.<\/li>\n<li>IMPORTANTE: Valorar medicaci\u00f3n bajo control veterinario en el caso en que el animal tenga una respuesta muy exagerada.<\/li>\n<\/ul>\n<p>Pensamos en NO mimar, ni tranquilizar ni proteger &#8230; ya que estar\u00edamos reforzando una conducta no deseada. Una vez se tranquilice, vuelve a prestarle atenci\u00f3n.<\/p>\n<p>\u00a1Si tienes alguna duda, <a href=\"https:\/\/www.animalsmoia.vet\/es\/contacta\/\" target=\"_blank\" rel=\"noopener\">preg\u00fantanos<\/a>! Estamos aqu\u00ed para ayudarte.<\/p>\n","protected":false},"excerpt":{"rendered":"<p>San Juan est\u00e1 al caer y debemos tener presente que muchos de nuestros peque\u00f1os tienen miedo o fobia a los ruidos fuertes, como los petardos. Recordemos, \u00bfqu\u00e9 podemos hacer ante esta reacci\u00f3n de miedo? Unos d\u00edas antes prepara una zona de seguridad donde pueda esconderse. C\u00e1nsalos durante el d\u00eda. Evita que est\u00e9 solo el d\u00eda&hellip;<\/p>\n","protected":false},"author":1,"featured_media":2196,"comment_status":"closed","ping_status":"closed","sticky":false,"template":"","format":"standard","meta":{"footnotes":""},"categories":[16],"tags":[],"class_list":["post-2198","post","type-post","status-publish","format-standard","has-post-thumbnail","hentry","category-noticies-es","category-16","description-off"],"yoast_head":"<!-- This site is optimized with the Yoast SEO plugin v27.5 - https:\/\/yoast.com\/product\/yoast-seo-wordpress\/ -->\n<title>San Juan - Anima&#039;ls - Cl\u00ednica veterin\u00e0ria<\/title>\n<meta name=\"description\" content=\"San Juan: los petardos y nuestras mascotas. C\u00f3mo actuar ante el miedo de los perros y gatos con los petardos.\" \/>\n<meta name=\"robots\" content=\"index, follow, max-snippet:-1, max-image-preview:large, max-video-preview:-1\" \/>\n<link rel=\"canonical\" href=\"https:\/\/www.animalsmoia.vet\/es\/sant-joan\/\" \/>\n<meta property=\"og:locale\" content=\"es_ES\" \/>\n<meta property=\"og:type\" content=\"article\" \/>\n<meta property=\"og:title\" content=\"San Juan - Anima&#039;ls - Cl\u00ednica veterin\u00e0ria\" \/>\n<meta property=\"og:description\" content=\"San Juan: los petardos y nuestras mascotas. C\u00f3mo actuar ante el miedo de los perros y gatos con los petardos.\" \/>\n<meta property=\"og:url\" content=\"https:\/\/www.animalsmoia.vet\/es\/sant-joan\/\" \/>\n<meta property=\"og:site_name\" content=\"Anima&#039;ls - Cl\u00ednica veterin\u00e0ria\" \/>\n<meta property=\"article:published_time\" content=\"2021-06-18T07:55:50+00:00\" \/>\n<meta property=\"article:modified_time\" content=\"2021-06-20T08:02:33+00:00\" \/>\n<meta property=\"og:image\" content=\"https:\/\/www.animalsmoia.vet\/wp-content\/uploads\/2021\/06\/Sant-Joan.jpg\" \/>\n\t<meta property=\"og:image:width\" content=\"752\" \/>\n\t<meta property=\"og:image:height\" content=\"747\" \/>\n\t<meta property=\"og:image:type\" content=\"image\/jpeg\" \/>\n<meta name=\"author\" content=\"Anima&#039;ls Cl\u00ednica Veterin\u00e0ria\" \/>\n<meta name=\"twitter:card\" content=\"summary_large_image\" \/>\n<meta name=\"twitter:label1\" content=\"Escrito por\" \/>\n\t<meta name=\"twitter:data1\" content=\"Anima&#039;ls Cl\u00ednica Veterin\u00e0ria\" \/>\n\t<meta name=\"twitter:label2\" content=\"Tiempo de lectura\" \/>\n\t<meta name=\"twitter:data2\" content=\"1 minuto\" \/>\n<script type=\"application\/ld+json\" class=\"yoast-schema-graph\">{\"@context\":\"https:\\\/\\\/schema.org\",\"@graph\":[{\"@type\":\"Article\",\"@id\":\"https:\\\/\\\/www.animalsmoia.vet\\\/es\\\/sant-joan\\\/#article\",\"isPartOf\":{\"@id\":\"https:\\\/\\\/www.animalsmoia.vet\\\/es\\\/sant-joan\\\/\"},\"author\":{\"name\":\"Anima'ls Cl\u00ednica Veterin\u00e0ria\",\"@id\":\"https:\\\/\\\/www.animalsmoia.vet\\\/#\\\/schema\\\/person\\\/03ecf7e84630a390661888134c189e56\"},\"headline\":\"San Juan\",\"datePublished\":\"2021-06-18T07:55:50+00:00\",\"dateModified\":\"2021-06-20T08:02:33+00:00\",\"mainEntityOfPage\":{\"@id\":\"https:\\\/\\\/www.animalsmoia.vet\\\/es\\\/sant-joan\\\/\"},\"wordCount\":180,\"image\":{\"@id\":\"https:\\\/\\\/www.animalsmoia.vet\\\/es\\\/sant-joan\\\/#primaryimage\"},\"thumbnailUrl\":\"https:\\\/\\\/www.animalsmoia.vet\\\/wp-content\\\/uploads\\\/2021\\\/06\\\/Sant-Joan.jpg\",\"articleSection\":[\"Noticias\"],\"inLanguage\":\"es\"},{\"@type\":\"WebPage\",\"@id\":\"https:\\\/\\\/www.animalsmoia.vet\\\/es\\\/sant-joan\\\/\",\"url\":\"https:\\\/\\\/www.animalsmoia.vet\\\/es\\\/sant-joan\\\/\",\"name\":\"San Juan - Anima&#039;ls - Cl\u00ednica veterin\u00e0ria\",\"isPartOf\":{\"@id\":\"https:\\\/\\\/www.animalsmoia.vet\\\/#website\"},\"primaryImageOfPage\":{\"@id\":\"https:\\\/\\\/www.animalsmoia.vet\\\/es\\\/sant-joan\\\/#primaryimage\"},\"image\":{\"@id\":\"https:\\\/\\\/www.animalsmoia.vet\\\/es\\\/sant-joan\\\/#primaryimage\"},\"thumbnailUrl\":\"https:\\\/\\\/www.animalsmoia.vet\\\/wp-content\\\/uploads\\\/2021\\\/06\\\/Sant-Joan.jpg\",\"datePublished\":\"2021-06-18T07:55:50+00:00\",\"dateModified\":\"2021-06-20T08:02:33+00:00\",\"author\":{\"@id\":\"https:\\\/\\\/www.animalsmoia.vet\\\/#\\\/schema\\\/person\\\/03ecf7e84630a390661888134c189e56\"},\"description\":\"San Juan: los petardos y nuestras mascotas. C\u00f3mo actuar ante el miedo de los perros y gatos con los petardos.\",\"breadcrumb\":{\"@id\":\"https:\\\/\\\/www.animalsmoia.vet\\\/es\\\/sant-joan\\\/#breadcrumb\"},\"inLanguage\":\"es\",\"potentialAction\":[{\"@type\":\"ReadAction\",\"target\":[\"https:\\\/\\\/www.animalsmoia.vet\\\/es\\\/sant-joan\\\/\"]}]},{\"@type\":\"ImageObject\",\"inLanguage\":\"es\",\"@id\":\"https:\\\/\\\/www.animalsmoia.vet\\\/es\\\/sant-joan\\\/#primaryimage\",\"url\":\"https:\\\/\\\/www.animalsmoia.vet\\\/wp-content\\\/uploads\\\/2021\\\/06\\\/Sant-Joan.jpg\",\"contentUrl\":\"https:\\\/\\\/www.animalsmoia.vet\\\/wp-content\\\/uploads\\\/2021\\\/06\\\/Sant-Joan.jpg\",\"width\":752,\"height\":747,\"caption\":\"Sant Joan i petards\"},{\"@type\":\"BreadcrumbList\",\"@id\":\"https:\\\/\\\/www.animalsmoia.vet\\\/es\\\/sant-joan\\\/#breadcrumb\",\"itemListElement\":[{\"@type\":\"ListItem\",\"position\":1,\"name\":\"Inici\",\"item\":\"https:\\\/\\\/www.animalsmoia.vet\\\/es\\\/\"},{\"@type\":\"ListItem\",\"position\":2,\"name\":\"San Juan\"}]},{\"@type\":\"WebSite\",\"@id\":\"https:\\\/\\\/www.animalsmoia.vet\\\/#website\",\"url\":\"https:\\\/\\\/www.animalsmoia.vet\\\/\",\"name\":\"Anima&#039;ls - Cl\u00ednica veterin\u00e0ria\",\"description\":\"Cl\u00ednica veterin\u00e0ria a Moi\u00e0. Moian\u00e8s. Barcelona.\",\"potentialAction\":[{\"@type\":\"SearchAction\",\"target\":{\"@type\":\"EntryPoint\",\"urlTemplate\":\"https:\\\/\\\/www.animalsmoia.vet\\\/?s={search_term_string}\"},\"query-input\":{\"@type\":\"PropertyValueSpecification\",\"valueRequired\":true,\"valueName\":\"search_term_string\"}}],\"inLanguage\":\"es\"},{\"@type\":\"Person\",\"@id\":\"https:\\\/\\\/www.animalsmoia.vet\\\/#\\\/schema\\\/person\\\/03ecf7e84630a390661888134c189e56\",\"name\":\"Anima'ls Cl\u00ednica Veterin\u00e0ria\",\"image\":{\"@type\":\"ImageObject\",\"inLanguage\":\"es\",\"@id\":\"https:\\\/\\\/secure.gravatar.com\\\/avatar\\\/89fba0ac2d88374b0b32f35fc7185b519003fe83d0cd2596f66486391e0a1c06?s=96&d=mm&r=g\",\"url\":\"https:\\\/\\\/secure.gravatar.com\\\/avatar\\\/89fba0ac2d88374b0b32f35fc7185b519003fe83d0cd2596f66486391e0a1c06?s=96&d=mm&r=g\",\"contentUrl\":\"https:\\\/\\\/secure.gravatar.com\\\/avatar\\\/89fba0ac2d88374b0b32f35fc7185b519003fe83d0cd2596f66486391e0a1c06?s=96&d=mm&r=g\",\"caption\":\"Anima'ls Cl\u00ednica Veterin\u00e0ria\"},\"sameAs\":[\"http:\\\/\\\/www.animalsmoia.vet\"],\"url\":\"https:\\\/\\\/www.animalsmoia.vet\\\/es\\\/author\\\/cv-animals\\\/\"}]}<\/script>\n<!-- \/ Yoast SEO plugin. -->","yoast_head_json":{"title":"San Juan - Anima&#039;ls - Cl\u00ednica veterin\u00e0ria","description":"San Juan: los petardos y nuestras mascotas. C\u00f3mo actuar ante el miedo de los perros y gatos con los petardos.","robots":{"index":"index","follow":"follow","max-snippet":"max-snippet:-1","max-image-preview":"max-image-preview:large","max-video-preview":"max-video-preview:-1"},"canonical":"https:\/\/www.animalsmoia.vet\/es\/sant-joan\/","og_locale":"es_ES","og_type":"article","og_title":"San Juan - Anima&#039;ls - Cl\u00ednica veterin\u00e0ria","og_description":"San Juan: los petardos y nuestras mascotas. C\u00f3mo actuar ante el miedo de los perros y gatos con los petardos.","og_url":"https:\/\/www.animalsmoia.vet\/es\/sant-joan\/","og_site_name":"Anima&#039;ls - Cl\u00ednica veterin\u00e0ria","article_published_time":"2021-06-18T07:55:50+00:00","article_modified_time":"2021-06-20T08:02:33+00:00","og_image":[{"width":752,"height":747,"url":"https:\/\/www.animalsmoia.vet\/wp-content\/uploads\/2021\/06\/Sant-Joan.jpg","type":"image\/jpeg"}],"author":"Anima'ls Cl\u00ednica Veterin\u00e0ria","twitter_card":"summary_large_image","twitter_misc":{"Escrito por":"Anima'ls Cl\u00ednica Veterin\u00e0ria","Tiempo de lectura":"1 minuto"},"schema":{"@context":"https:\/\/schema.org","@graph":[{"@type":"Article","@id":"https:\/\/www.animalsmoia.vet\/es\/sant-joan\/#article","isPartOf":{"@id":"https:\/\/www.animalsmoia.vet\/es\/sant-joan\/"},"author":{"name":"Anima'ls Cl\u00ednica Veterin\u00e0ria","@id":"https:\/\/www.animalsmoia.vet\/#\/schema\/person\/03ecf7e84630a390661888134c189e56"},"headline":"San Juan","datePublished":"2021-06-18T07:55:50+00:00","dateModified":"2021-06-20T08:02:33+00:00","mainEntityOfPage":{"@id":"https:\/\/www.animalsmoia.vet\/es\/sant-joan\/"},"wordCount":180,"image":{"@id":"https:\/\/www.animalsmoia.vet\/es\/sant-joan\/#primaryimage"},"thumbnailUrl":"https:\/\/www.animalsmoia.vet\/wp-content\/uploads\/2021\/06\/Sant-Joan.jpg","articleSection":["Noticias"],"inLanguage":"es"},{"@type":"WebPage","@id":"https:\/\/www.animalsmoia.vet\/es\/sant-joan\/","url":"https:\/\/www.animalsmoia.vet\/es\/sant-joan\/","name":"San Juan - Anima&#039;ls - Cl\u00ednica veterin\u00e0ria","isPartOf":{"@id":"https:\/\/www.animalsmoia.vet\/#website"},"primaryImageOfPage":{"@id":"https:\/\/www.animalsmoia.vet\/es\/sant-joan\/#primaryimage"},"image":{"@id":"https:\/\/www.animalsmoia.vet\/es\/sant-joan\/#primaryimage"},"thumbnailUrl":"https:\/\/www.animalsmoia.vet\/wp-content\/uploads\/2021\/06\/Sant-Joan.jpg","datePublished":"2021-06-18T07:55:50+00:00","dateModified":"2021-06-20T08:02:33+00:00","author":{"@id":"https:\/\/www.animalsmoia.vet\/#\/schema\/person\/03ecf7e84630a390661888134c189e56"},"description":"San Juan: los petardos y nuestras mascotas. C\u00f3mo actuar ante el miedo de los perros y gatos con los petardos.","breadcrumb":{"@id":"https:\/\/www.animalsmoia.vet\/es\/sant-joan\/#breadcrumb"},"inLanguage":"es","potentialAction":[{"@type":"ReadAction","target":["https:\/\/www.animalsmoia.vet\/es\/sant-joan\/"]}]},{"@type":"ImageObject","inLanguage":"es","@id":"https:\/\/www.animalsmoia.vet\/es\/sant-joan\/#primaryimage","url":"https:\/\/www.animalsmoia.vet\/wp-content\/uploads\/2021\/06\/Sant-Joan.jpg","contentUrl":"https:\/\/www.animalsmoia.vet\/wp-content\/uploads\/2021\/06\/Sant-Joan.jpg","width":752,"height":747,"caption":"Sant Joan i petards"},{"@type":"BreadcrumbList","@id":"https:\/\/www.animalsmoia.vet\/es\/sant-joan\/#breadcrumb","itemListElement":[{"@type":"ListItem","position":1,"name":"Inici","item":"https:\/\/www.animalsmoia.vet\/es\/"},{"@type":"ListItem","position":2,"name":"San Juan"}]},{"@type":"WebSite","@id":"https:\/\/www.animalsmoia.vet\/#website","url":"https:\/\/www.animalsmoia.vet\/","name":"Anima&#039;ls - Cl\u00ednica veterin\u00e0ria","description":"Cl\u00ednica veterin\u00e0ria a Moi\u00e0. Moian\u00e8s. Barcelona.","potentialAction":[{"@type":"SearchAction","target":{"@type":"EntryPoint","urlTemplate":"https:\/\/www.animalsmoia.vet\/?s={search_term_string}"},"query-input":{"@type":"PropertyValueSpecification","valueRequired":true,"valueName":"search_term_string"}}],"inLanguage":"es"},{"@type":"Person","@id":"https:\/\/www.animalsmoia.vet\/#\/schema\/person\/03ecf7e84630a390661888134c189e56","name":"Anima'ls Cl\u00ednica Veterin\u00e0ria","image":{"@type":"ImageObject","inLanguage":"es","@id":"https:\/\/secure.gravatar.com\/avatar\/89fba0ac2d88374b0b32f35fc7185b519003fe83d0cd2596f66486391e0a1c06?s=96&d=mm&r=g","url":"https:\/\/secure.gravatar.com\/avatar\/89fba0ac2d88374b0b32f35fc7185b519003fe83d0cd2596f66486391e0a1c06?s=96&d=mm&r=g","contentUrl":"https:\/\/secure.gravatar.com\/avatar\/89fba0ac2d88374b0b32f35fc7185b519003fe83d0cd2596f66486391e0a1c06?s=96&d=mm&r=g","caption":"Anima'ls Cl\u00ednica Veterin\u00e0ria"},"sameAs":["http:\/\/www.animalsmoia.vet"],"url":"https:\/\/www.animalsmoia.vet\/es\/author\/cv-animals\/"}]}},"_links":{"self":[{"href":"https:\/\/www.animalsmoia.vet\/es\/wp-json\/wp\/v2\/posts\/2198","targetHints":{"allow":["GET"]}}],"collection":[{"href":"https:\/\/www.animalsmoia.vet\/es\/wp-json\/wp\/v2\/posts"}],"about":[{"href":"https:\/\/www.animalsmoia.vet\/es\/wp-json\/wp\/v2\/types\/post"}],"author":[{"embeddable":true,"href":"https:\/\/www.animalsmoia.vet\/es\/wp-json\/wp\/v2\/users\/1"}],"replies":[{"embeddable":true,"href":"https:\/\/www.animalsmoia.vet\/es\/wp-json\/wp\/v2\/comments?post=2198"}],"version-history":[{"count":0,"href":"https:\/\/www.animalsmoia.vet\/es\/wp-json\/wp\/v2\/posts\/2198\/revisions"}],"wp:featuredmedia":[{"embeddable":true,"href":"https:\/\/www.animalsmoia.vet\/es\/wp-json\/wp\/v2\/media\/2196"}],"wp:attachment":[{"href":"https:\/\/www.animalsmoia.vet\/es\/wp-json\/wp\/v2\/media?parent=2198"}],"wp:term":[{"taxonomy":"category","embeddable":true,"href":"https:\/\/www.animalsmoia.vet\/es\/wp-json\/wp\/v2\/categories?post=2198"},{"taxonomy":"post_tag","embeddable":true,"href":"https:\/\/www.animalsmoia.vet\/es\/wp-json\/wp\/v2\/tags?post=2198"}],"curies":[{"name":"wp","href":"https:\/\/api.w.org\/{rel}","templated":true}]}}