{"id":2117,"date":"2021-03-20T11:37:12","date_gmt":"2021-03-20T10:37:12","guid":{"rendered":"https:\/\/www.animalsmoia.vet\/la-processionaria-del-pi-un-perill-pels-gossos\/"},"modified":"2021-04-28T17:36:06","modified_gmt":"2021-04-28T15:36:06","slug":"la-procesionaria-del-pino-un-peligro-para-los-perros","status":"publish","type":"post","link":"https:\/\/www.animalsmoia.vet\/es\/la-procesionaria-del-pino-un-peligro-para-los-perros\/","title":{"rendered":"La procesionaria del pino, un peligro para los perros"},"content":{"rendered":"<p><span class=\"goog-text-highlight\">Hoy os quer\u00edamos hablar sobre un tema que hay que tener mucho cuidado ya que nuestros peludos no son conscientes del peligro que conlleva.<\/span><\/p>\n<p>Se trata de la procesionaria del pino, una oruga que vive en bosques pinosos de la zona mediterr\u00e1nea y que puede provocar un cuadro t\u00f3xico a los perros, ya que por la curiosidad que les causa juegan e incluso se las comen.<\/p>\n<p>Al entrar en contacto con la piel se clavan los peque\u00f1os pelos de la oruga, los cuales liberan toxinas muy perjudiciales.<\/p>\n<p>Sobre todo, ahora que hemos empezado a dar m\u00e1s paseos por los bosques, en los meses de marzo-abril, tenemos que ir con mucho cuidado.<\/p>\n<ul>\n<li><span class=\"goog-text-highlight\">Si ve que pueden haber estado en contacto\/ingerido una procesionaria es necesario que:<\/span><br \/>\n<span class=\"goog-text-highlight\">pase agua tibia por la boca lo m\u00e1s r\u00e1pido posible, sin frotar, ya que puede hacer que se liberen m\u00e1s toxinas.<\/span><\/li>\n<li><span class=\"goog-text-highlight\">Acuda a la cl\u00ednica\/hospital veterinario m\u00e1s cercano para comprobar el estado del perro y si hay que administrar los medicamentos\/fluidos necesarios para evitar la reacci\u00f3n al\u00e9rgica que puede desencadenar.<\/span><\/li>\n<\/ul>\n<p><span class=\"goog-text-highlight\">Esta cachorrita, despu\u00e9s de estar un d\u00eda hospitalizado, marcha a casa bien contenta. \u00a1<\/span>Es una superviviente!<\/p>\n","protected":false},"excerpt":{"rendered":"<p>Hoy os quer\u00edamos hablar sobre un tema que hay que tener mucho cuidado ya que nuestros peludos no son conscientes del peligro que conlleva. Se trata de la procesionaria del pino, una oruga que vive en bosques pinosos de la zona mediterr\u00e1nea y que puede provocar un cuadro t\u00f3xico a los perros, ya que por&hellip;<\/p>\n","protected":false},"author":1,"featured_media":1686,"comment_status":"closed","ping_status":"closed","sticky":false,"template":"","format":"standard","meta":{"footnotes":""},"categories":[16],"tags":[],"class_list":["post-2117","post","type-post","status-publish","format-standard","has-post-thumbnail","hentry","category-noticies-es","category-16","description-off"],"yoast_head":"<!-- This site is optimized with the Yoast SEO plugin v27.5 - https:\/\/yoast.com\/product\/yoast-seo-wordpress\/ -->\n<title>La procesionaria del pino, un peligro para los perros - Anima&#039;ls - Cl\u00ednica veterin\u00e0ria<\/title>\n<meta name=\"description\" content=\"La procesionaria del pino y los perros. Peligros que comporta para estos animales de compa\u00f1\u00eda.\" \/>\n<meta name=\"robots\" content=\"index, follow, max-snippet:-1, max-image-preview:large, max-video-preview:-1\" \/>\n<link rel=\"canonical\" href=\"https:\/\/www.animalsmoia.vet\/es\/la-procesionaria-del-pino-un-peligro-para-los-perros\/\" \/>\n<meta property=\"og:locale\" content=\"es_ES\" \/>\n<meta property=\"og:type\" content=\"article\" \/>\n<meta property=\"og:title\" content=\"La procesionaria del pino, un peligro para los perros - Anima&#039;ls - Cl\u00ednica veterin\u00e0ria\" \/>\n<meta property=\"og:description\" content=\"La procesionaria del pino y los perros. Peligros que comporta para estos animales de compa\u00f1\u00eda.\" \/>\n<meta property=\"og:url\" content=\"https:\/\/www.animalsmoia.vet\/es\/la-procesionaria-del-pino-un-peligro-para-los-perros\/\" \/>\n<meta property=\"og:site_name\" content=\"Anima&#039;ls - Cl\u00ednica veterin\u00e0ria\" \/>\n<meta property=\"article:published_time\" content=\"2021-03-20T10:37:12+00:00\" \/>\n<meta property=\"article:modified_time\" content=\"2021-04-28T15:36:06+00:00\" \/>\n<meta property=\"og:image\" content=\"https:\/\/www.animalsmoia.vet\/wp-content\/uploads\/2021\/03\/IMG-20210319-WA0006-e1616241603909.jpg\" \/>\n\t<meta property=\"og:image:width\" content=\"1200\" \/>\n\t<meta property=\"og:image:height\" content=\"1600\" \/>\n\t<meta property=\"og:image:type\" content=\"image\/jpeg\" \/>\n<meta name=\"author\" content=\"Anima&#039;ls Cl\u00ednica Veterin\u00e0ria\" \/>\n<meta name=\"twitter:card\" content=\"summary_large_image\" \/>\n<meta name=\"twitter:label1\" content=\"Escrito por\" \/>\n\t<meta name=\"twitter:data1\" content=\"Anima&#039;ls Cl\u00ednica Veterin\u00e0ria\" \/>\n\t<meta name=\"twitter:label2\" content=\"Tiempo de lectura\" \/>\n\t<meta name=\"twitter:data2\" content=\"1 minuto\" \/>\n<script type=\"application\/ld+json\" class=\"yoast-schema-graph\">{\"@context\":\"https:\\\/\\\/schema.org\",\"@graph\":[{\"@type\":\"Article\",\"@id\":\"https:\\\/\\\/www.animalsmoia.vet\\\/es\\\/la-procesionaria-del-pino-un-peligro-para-los-perros\\\/#article\",\"isPartOf\":{\"@id\":\"https:\\\/\\\/www.animalsmoia.vet\\\/es\\\/la-procesionaria-del-pino-un-peligro-para-los-perros\\\/\"},\"author\":{\"name\":\"Anima'ls Cl\u00ednica Veterin\u00e0ria\",\"@id\":\"https:\\\/\\\/www.animalsmoia.vet\\\/#\\\/schema\\\/person\\\/03ecf7e84630a390661888134c189e56\"},\"headline\":\"La procesionaria del pino, un peligro para los perros\",\"datePublished\":\"2021-03-20T10:37:12+00:00\",\"dateModified\":\"2021-04-28T15:36:06+00:00\",\"mainEntityOfPage\":{\"@id\":\"https:\\\/\\\/www.animalsmoia.vet\\\/es\\\/la-procesionaria-del-pino-un-peligro-para-los-perros\\\/\"},\"wordCount\":216,\"image\":{\"@id\":\"https:\\\/\\\/www.animalsmoia.vet\\\/es\\\/la-procesionaria-del-pino-un-peligro-para-los-perros\\\/#primaryimage\"},\"thumbnailUrl\":\"https:\\\/\\\/www.animalsmoia.vet\\\/wp-content\\\/uploads\\\/2021\\\/03\\\/IMG-20210319-WA0006-e1616241603909.jpg\",\"articleSection\":[\"Noticias\"],\"inLanguage\":\"es\"},{\"@type\":\"WebPage\",\"@id\":\"https:\\\/\\\/www.animalsmoia.vet\\\/es\\\/la-procesionaria-del-pino-un-peligro-para-los-perros\\\/\",\"url\":\"https:\\\/\\\/www.animalsmoia.vet\\\/es\\\/la-procesionaria-del-pino-un-peligro-para-los-perros\\\/\",\"name\":\"La procesionaria del pino, un peligro para los perros - Anima&#039;ls - Cl\u00ednica veterin\u00e0ria\",\"isPartOf\":{\"@id\":\"https:\\\/\\\/www.animalsmoia.vet\\\/#website\"},\"primaryImageOfPage\":{\"@id\":\"https:\\\/\\\/www.animalsmoia.vet\\\/es\\\/la-procesionaria-del-pino-un-peligro-para-los-perros\\\/#primaryimage\"},\"image\":{\"@id\":\"https:\\\/\\\/www.animalsmoia.vet\\\/es\\\/la-procesionaria-del-pino-un-peligro-para-los-perros\\\/#primaryimage\"},\"thumbnailUrl\":\"https:\\\/\\\/www.animalsmoia.vet\\\/wp-content\\\/uploads\\\/2021\\\/03\\\/IMG-20210319-WA0006-e1616241603909.jpg\",\"datePublished\":\"2021-03-20T10:37:12+00:00\",\"dateModified\":\"2021-04-28T15:36:06+00:00\",\"author\":{\"@id\":\"https:\\\/\\\/www.animalsmoia.vet\\\/#\\\/schema\\\/person\\\/03ecf7e84630a390661888134c189e56\"},\"description\":\"La procesionaria del pino y los perros. Peligros que comporta para estos animales de compa\u00f1\u00eda.\",\"breadcrumb\":{\"@id\":\"https:\\\/\\\/www.animalsmoia.vet\\\/es\\\/la-procesionaria-del-pino-un-peligro-para-los-perros\\\/#breadcrumb\"},\"inLanguage\":\"es\",\"potentialAction\":[{\"@type\":\"ReadAction\",\"target\":[\"https:\\\/\\\/www.animalsmoia.vet\\\/es\\\/la-procesionaria-del-pino-un-peligro-para-los-perros\\\/\"]}]},{\"@type\":\"ImageObject\",\"inLanguage\":\"es\",\"@id\":\"https:\\\/\\\/www.animalsmoia.vet\\\/es\\\/la-procesionaria-del-pino-un-peligro-para-los-perros\\\/#primaryimage\",\"url\":\"https:\\\/\\\/www.animalsmoia.vet\\\/wp-content\\\/uploads\\\/2021\\\/03\\\/IMG-20210319-WA0006-e1616241603909.jpg\",\"contentUrl\":\"https:\\\/\\\/www.animalsmoia.vet\\\/wp-content\\\/uploads\\\/2021\\\/03\\\/IMG-20210319-WA0006-e1616241603909.jpg\",\"width\":1200,\"height\":1600,\"caption\":\"Procession\u00e0ria del pi i gossos\"},{\"@type\":\"BreadcrumbList\",\"@id\":\"https:\\\/\\\/www.animalsmoia.vet\\\/es\\\/la-procesionaria-del-pino-un-peligro-para-los-perros\\\/#breadcrumb\",\"itemListElement\":[{\"@type\":\"ListItem\",\"position\":1,\"name\":\"Inici\",\"item\":\"https:\\\/\\\/www.animalsmoia.vet\\\/es\\\/\"},{\"@type\":\"ListItem\",\"position\":2,\"name\":\"La procesionaria del pino, un peligro para los perros\"}]},{\"@type\":\"WebSite\",\"@id\":\"https:\\\/\\\/www.animalsmoia.vet\\\/#website\",\"url\":\"https:\\\/\\\/www.animalsmoia.vet\\\/\",\"name\":\"Anima&#039;ls - Cl\u00ednica veterin\u00e0ria\",\"description\":\"Cl\u00ednica veterin\u00e0ria a Moi\u00e0. Moian\u00e8s. Barcelona.\",\"potentialAction\":[{\"@type\":\"SearchAction\",\"target\":{\"@type\":\"EntryPoint\",\"urlTemplate\":\"https:\\\/\\\/www.animalsmoia.vet\\\/?s={search_term_string}\"},\"query-input\":{\"@type\":\"PropertyValueSpecification\",\"valueRequired\":true,\"valueName\":\"search_term_string\"}}],\"inLanguage\":\"es\"},{\"@type\":\"Person\",\"@id\":\"https:\\\/\\\/www.animalsmoia.vet\\\/#\\\/schema\\\/person\\\/03ecf7e84630a390661888134c189e56\",\"name\":\"Anima'ls Cl\u00ednica Veterin\u00e0ria\",\"image\":{\"@type\":\"ImageObject\",\"inLanguage\":\"es\",\"@id\":\"https:\\\/\\\/secure.gravatar.com\\\/avatar\\\/89fba0ac2d88374b0b32f35fc7185b519003fe83d0cd2596f66486391e0a1c06?s=96&d=mm&r=g\",\"url\":\"https:\\\/\\\/secure.gravatar.com\\\/avatar\\\/89fba0ac2d88374b0b32f35fc7185b519003fe83d0cd2596f66486391e0a1c06?s=96&d=mm&r=g\",\"contentUrl\":\"https:\\\/\\\/secure.gravatar.com\\\/avatar\\\/89fba0ac2d88374b0b32f35fc7185b519003fe83d0cd2596f66486391e0a1c06?s=96&d=mm&r=g\",\"caption\":\"Anima'ls Cl\u00ednica Veterin\u00e0ria\"},\"sameAs\":[\"http:\\\/\\\/www.animalsmoia.vet\"],\"url\":\"https:\\\/\\\/www.animalsmoia.vet\\\/es\\\/author\\\/cv-animals\\\/\"}]}<\/script>\n<!-- \/ Yoast SEO plugin. -->","yoast_head_json":{"title":"La procesionaria del pino, un peligro para los perros - Anima&#039;ls - Cl\u00ednica veterin\u00e0ria","description":"La procesionaria del pino y los perros. Peligros que comporta para estos animales de compa\u00f1\u00eda.","robots":{"index":"index","follow":"follow","max-snippet":"max-snippet:-1","max-image-preview":"max-image-preview:large","max-video-preview":"max-video-preview:-1"},"canonical":"https:\/\/www.animalsmoia.vet\/es\/la-procesionaria-del-pino-un-peligro-para-los-perros\/","og_locale":"es_ES","og_type":"article","og_title":"La procesionaria del pino, un peligro para los perros - Anima&#039;ls - Cl\u00ednica veterin\u00e0ria","og_description":"La procesionaria del pino y los perros. Peligros que comporta para estos animales de compa\u00f1\u00eda.","og_url":"https:\/\/www.animalsmoia.vet\/es\/la-procesionaria-del-pino-un-peligro-para-los-perros\/","og_site_name":"Anima&#039;ls - Cl\u00ednica veterin\u00e0ria","article_published_time":"2021-03-20T10:37:12+00:00","article_modified_time":"2021-04-28T15:36:06+00:00","og_image":[{"width":1200,"height":1600,"url":"https:\/\/www.animalsmoia.vet\/wp-content\/uploads\/2021\/03\/IMG-20210319-WA0006-e1616241603909.jpg","type":"image\/jpeg"}],"author":"Anima'ls Cl\u00ednica Veterin\u00e0ria","twitter_card":"summary_large_image","twitter_misc":{"Escrito por":"Anima'ls Cl\u00ednica Veterin\u00e0ria","Tiempo de lectura":"1 minuto"},"schema":{"@context":"https:\/\/schema.org","@graph":[{"@type":"Article","@id":"https:\/\/www.animalsmoia.vet\/es\/la-procesionaria-del-pino-un-peligro-para-los-perros\/#article","isPartOf":{"@id":"https:\/\/www.animalsmoia.vet\/es\/la-procesionaria-del-pino-un-peligro-para-los-perros\/"},"author":{"name":"Anima'ls Cl\u00ednica Veterin\u00e0ria","@id":"https:\/\/www.animalsmoia.vet\/#\/schema\/person\/03ecf7e84630a390661888134c189e56"},"headline":"La procesionaria del pino, un peligro para los perros","datePublished":"2021-03-20T10:37:12+00:00","dateModified":"2021-04-28T15:36:06+00:00","mainEntityOfPage":{"@id":"https:\/\/www.animalsmoia.vet\/es\/la-procesionaria-del-pino-un-peligro-para-los-perros\/"},"wordCount":216,"image":{"@id":"https:\/\/www.animalsmoia.vet\/es\/la-procesionaria-del-pino-un-peligro-para-los-perros\/#primaryimage"},"thumbnailUrl":"https:\/\/www.animalsmoia.vet\/wp-content\/uploads\/2021\/03\/IMG-20210319-WA0006-e1616241603909.jpg","articleSection":["Noticias"],"inLanguage":"es"},{"@type":"WebPage","@id":"https:\/\/www.animalsmoia.vet\/es\/la-procesionaria-del-pino-un-peligro-para-los-perros\/","url":"https:\/\/www.animalsmoia.vet\/es\/la-procesionaria-del-pino-un-peligro-para-los-perros\/","name":"La procesionaria del pino, un peligro para los perros - Anima&#039;ls - Cl\u00ednica veterin\u00e0ria","isPartOf":{"@id":"https:\/\/www.animalsmoia.vet\/#website"},"primaryImageOfPage":{"@id":"https:\/\/www.animalsmoia.vet\/es\/la-procesionaria-del-pino-un-peligro-para-los-perros\/#primaryimage"},"image":{"@id":"https:\/\/www.animalsmoia.vet\/es\/la-procesionaria-del-pino-un-peligro-para-los-perros\/#primaryimage"},"thumbnailUrl":"https:\/\/www.animalsmoia.vet\/wp-content\/uploads\/2021\/03\/IMG-20210319-WA0006-e1616241603909.jpg","datePublished":"2021-03-20T10:37:12+00:00","dateModified":"2021-04-28T15:36:06+00:00","author":{"@id":"https:\/\/www.animalsmoia.vet\/#\/schema\/person\/03ecf7e84630a390661888134c189e56"},"description":"La procesionaria del pino y los perros. Peligros que comporta para estos animales de compa\u00f1\u00eda.","breadcrumb":{"@id":"https:\/\/www.animalsmoia.vet\/es\/la-procesionaria-del-pino-un-peligro-para-los-perros\/#breadcrumb"},"inLanguage":"es","potentialAction":[{"@type":"ReadAction","target":["https:\/\/www.animalsmoia.vet\/es\/la-procesionaria-del-pino-un-peligro-para-los-perros\/"]}]},{"@type":"ImageObject","inLanguage":"es","@id":"https:\/\/www.animalsmoia.vet\/es\/la-procesionaria-del-pino-un-peligro-para-los-perros\/#primaryimage","url":"https:\/\/www.animalsmoia.vet\/wp-content\/uploads\/2021\/03\/IMG-20210319-WA0006-e1616241603909.jpg","contentUrl":"https:\/\/www.animalsmoia.vet\/wp-content\/uploads\/2021\/03\/IMG-20210319-WA0006-e1616241603909.jpg","width":1200,"height":1600,"caption":"Procession\u00e0ria del pi i gossos"},{"@type":"BreadcrumbList","@id":"https:\/\/www.animalsmoia.vet\/es\/la-procesionaria-del-pino-un-peligro-para-los-perros\/#breadcrumb","itemListElement":[{"@type":"ListItem","position":1,"name":"Inici","item":"https:\/\/www.animalsmoia.vet\/es\/"},{"@type":"ListItem","position":2,"name":"La procesionaria del pino, un peligro para los perros"}]},{"@type":"WebSite","@id":"https:\/\/www.animalsmoia.vet\/#website","url":"https:\/\/www.animalsmoia.vet\/","name":"Anima&#039;ls - Cl\u00ednica veterin\u00e0ria","description":"Cl\u00ednica veterin\u00e0ria a Moi\u00e0. Moian\u00e8s. Barcelona.","potentialAction":[{"@type":"SearchAction","target":{"@type":"EntryPoint","urlTemplate":"https:\/\/www.animalsmoia.vet\/?s={search_term_string}"},"query-input":{"@type":"PropertyValueSpecification","valueRequired":true,"valueName":"search_term_string"}}],"inLanguage":"es"},{"@type":"Person","@id":"https:\/\/www.animalsmoia.vet\/#\/schema\/person\/03ecf7e84630a390661888134c189e56","name":"Anima'ls Cl\u00ednica Veterin\u00e0ria","image":{"@type":"ImageObject","inLanguage":"es","@id":"https:\/\/secure.gravatar.com\/avatar\/89fba0ac2d88374b0b32f35fc7185b519003fe83d0cd2596f66486391e0a1c06?s=96&d=mm&r=g","url":"https:\/\/secure.gravatar.com\/avatar\/89fba0ac2d88374b0b32f35fc7185b519003fe83d0cd2596f66486391e0a1c06?s=96&d=mm&r=g","contentUrl":"https:\/\/secure.gravatar.com\/avatar\/89fba0ac2d88374b0b32f35fc7185b519003fe83d0cd2596f66486391e0a1c06?s=96&d=mm&r=g","caption":"Anima'ls Cl\u00ednica Veterin\u00e0ria"},"sameAs":["http:\/\/www.animalsmoia.vet"],"url":"https:\/\/www.animalsmoia.vet\/es\/author\/cv-animals\/"}]}},"_links":{"self":[{"href":"https:\/\/www.animalsmoia.vet\/es\/wp-json\/wp\/v2\/posts\/2117","targetHints":{"allow":["GET"]}}],"collection":[{"href":"https:\/\/www.animalsmoia.vet\/es\/wp-json\/wp\/v2\/posts"}],"about":[{"href":"https:\/\/www.animalsmoia.vet\/es\/wp-json\/wp\/v2\/types\/post"}],"author":[{"embeddable":true,"href":"https:\/\/www.animalsmoia.vet\/es\/wp-json\/wp\/v2\/users\/1"}],"replies":[{"embeddable":true,"href":"https:\/\/www.animalsmoia.vet\/es\/wp-json\/wp\/v2\/comments?post=2117"}],"version-history":[{"count":0,"href":"https:\/\/www.animalsmoia.vet\/es\/wp-json\/wp\/v2\/posts\/2117\/revisions"}],"wp:featuredmedia":[{"embeddable":true,"href":"https:\/\/www.animalsmoia.vet\/es\/wp-json\/wp\/v2\/media\/1686"}],"wp:attachment":[{"href":"https:\/\/www.animalsmoia.vet\/es\/wp-json\/wp\/v2\/media?parent=2117"}],"wp:term":[{"taxonomy":"category","embeddable":true,"href":"https:\/\/www.animalsmoia.vet\/es\/wp-json\/wp\/v2\/categories?post=2117"},{"taxonomy":"post_tag","embeddable":true,"href":"https:\/\/www.animalsmoia.vet\/es\/wp-json\/wp\/v2\/tags?post=2117"}],"curies":[{"name":"wp","href":"https:\/\/api.w.org\/{rel}","templated":true}]}}